{"id":4462,"date":"2019-04-16T09:30:31","date_gmt":"2019-04-16T07:30:31","guid":{"rendered":"https:\/\/www.alsocasals.com\/?p=4462"},"modified":"2019-04-16T12:58:29","modified_gmt":"2019-04-16T10:58:29","slug":"also-casals-instala-la-nueva-iluminacion-led-de-las-coves-meravelles-de-benifallet","status":"publish","type":"post","link":"https:\/\/www.alsocasals.com\/es\/also-casals-instala-la-nueva-iluminacion-led-de-las-coves-meravelles-de-benifallet\/","title":{"rendered":"Also Casals instala la nueva iluminaci\u00f3n LED de las Coves Meravelles de Benifallet"},"content":{"rendered":"<p>[et_pb_section fb_built=\u00bb1&#8243; _builder_version=\u00bb3.22&#8243;][et_pb_row _builder_version=\u00bb3.22&#8243; background_size=\u00bbinitial\u00bb background_position=\u00bbtop_left\u00bb background_repeat=\u00bbrepeat\u00bb][et_pb_column type=\u00bb4_4&#8243; _builder_version=\u00bb3.0.47&#8243;][et_pb_text _builder_version=\u00bb3.0.74&#8243; background_size=\u00bbinitial\u00bb background_position=\u00bbtop_left\u00bb background_repeat=\u00bbrepeat\u00bb]Also Casals Instal\u00b7lacions SL hemos realizado la instalaci\u00f3n de la nueva iluminaci\u00f3n LED de las Coves Meravelles de Benifallet (Baix Ebre), uno de los espacios naturales m\u00e1s visitados de las Terres de l\u2019Ebre.<\/p>\n<p>Los trabajos se han basado en la reforma de la instalaci\u00f3n el\u00e9ctrica y la renovaci\u00f3n del alumbrado existente, tanto en el entorno de las Coves Meravelles como en el interior.<\/p>\n<p>Las obras de mejora han consistido en cambiar toda la iluminaci\u00f3n interior, tanto de la cueva Meravelles como de la cueva del Dos, para realzar sus fascinantes formaciones con nuevas luminarias con tecnolog\u00eda LED.<\/p>\n<p>A partir de esta Semana Santa los visitantes podr\u00e1n admirar estalactitas, estalagmitas, columnas, banderas, macarrones o exc\u00e9ntricas de las Coves Meravelles desde una nueva perspectiva.<\/p>\n<p>Si no las hab\u00e9is visitado nunca, \u00a1ahora es un buen momento para hacerlo! Y, si ya hab\u00e9is estado, \u00a1pod\u00e9is redescubrirlas!<br \/>\n[\/et_pb_text][et_pb_gallery gallery_ids=\u00bb4351,4347,4345,4343,4341,4339,4337,4335&#8243; posts_number=\u00bb8&#8243; show_title_and_caption=\u00bboff\u00bb _builder_version=\u00bb3.22.2&#8243;][\/et_pb_gallery][\/et_pb_column][\/et_pb_row][\/et_pb_section]<\/p>\n","protected":false},"excerpt":{"rendered":"<p>Also Casals Instal\u00b7lacions SL hemos realizado la instalaci\u00f3n de la nueva iluminaci\u00f3n LED de las Coves Meravelles de Benifallet (Baix Ebre), uno de los espacios naturales m\u00e1s visitados de las Terres de l\u2019Ebre. Los trabajos se han basado en la reforma de la instalaci\u00f3n el\u00e9ctrica y la renovaci\u00f3n del alumbrado existente, tanto en el entorno [&hellip;]<\/p>\n","protected":false},"author":2,"featured_media":4345,"comment_status":"open","ping_status":"open","sticky":false,"template":"","format":"standard","meta":{"_et_pb_use_builder":"on","_et_pb_old_content":"<p>Also Casals Instal\u00b7lacions SL hem realitzat la instal\u00b7laci\u00f3 de la nova il\u00b7luminaci\u00f3 LED de les Coves Meravelles de Benifallet (Baix Ebre), un dels espais naturals m\u00e9s visitats de les Terres de l\u2019Ebre.<\/p><p>Els treballs s\u2019han basat en la reforma de la instal\u00b7laci\u00f3 el\u00e8ctrica i la renovaci\u00f3 de l'enllumenat existent, tant en l\u2019entorn de les Coves Meravelles com a l\u2019interior.<\/p><p>Les obres de millora han consistit a canviar tota la il\u00b7luminaci\u00f3 interior, tant de la Cova Meravelles com de la Cova del Dos, per a real\u00e7ar les seues fascinants formacions amb noves llumin\u00e0ries amb tecnologia LED.<\/p><p>A partir d\u2019aquesta Setmana Santa els visitants podran admirar estalactites, estalagmites, columnes, banderes, macarrons o exc\u00e8ntriques de les Coves Meravelles des d\u2019una nova perspectiva.<\/p><p>Si no les heu visitat mai, ara \u00e9s un bon moment per fer-ho! I si ja hi heu estat, podeu redescobrir-les!<\/p><p>\u00a0<\/p><p>[gallery ids=\"4334,4336,4338,4340,4342,4344,4346,4350\"]<\/p>","_et_gb_content_width":"","footnotes":""},"categories":[122],"tags":[132,131,128,129,130],"class_list":["post-4462","post","type-post","status-publish","format-standard","has-post-thumbnail","hentry","category-noticias","tag-benifallet-es","tag-coves-meravelles-es","tag-iluminacion","tag-instalaciones","tag-led-es"],"yoast_head":"<!-- This site is optimized with the Yoast SEO plugin v27.5 - https:\/\/yoast.com\/product\/yoast-seo-wordpress\/ -->\n<title>Also Casals instala la nueva iluminaci\u00f3n LED de las Coves Meravelles<\/title>\n<meta name=\"description\" content=\"Also Casals Instal\u00b7lacions hemos realizado la instalaci\u00f3n de la nueva iluminaci\u00f3n LED de las Coves Meravelles de Benifallet. Desc\u00fabrelo en este art\u00edculo\" \/>\n<meta name=\"robots\" content=\"index, follow, max-snippet:-1, max-image-preview:large, max-video-preview:-1\" \/>\n<link rel=\"canonical\" href=\"https:\/\/www.alsocasals.com\/es\/also-casals-instala-la-nueva-iluminacion-led-de-las-coves-meravelles-de-benifallet\/\" \/>\n<meta property=\"og:locale\" content=\"es_ES\" \/>\n<meta property=\"og:type\" content=\"article\" \/>\n<meta property=\"og:title\" content=\"Also Casals instala la nueva iluminaci\u00f3n LED de las Coves Meravelles\" \/>\n<meta property=\"og:description\" content=\"Also Casals Instal\u00b7lacions hemos realizado la instalaci\u00f3n de la nueva iluminaci\u00f3n LED de las Coves Meravelles de Benifallet. Desc\u00fabrelo en este art\u00edculo\" \/>\n<meta property=\"og:url\" content=\"https:\/\/www.alsocasals.com\/es\/also-casals-instala-la-nueva-iluminacion-led-de-las-coves-meravelles-de-benifallet\/\" \/>\n<meta property=\"og:site_name\" content=\"Also Casals\" \/>\n<meta property=\"article:published_time\" content=\"2019-04-16T07:30:31+00:00\" \/>\n<meta property=\"article:modified_time\" content=\"2019-04-16T10:58:29+00:00\" \/>\n<meta property=\"og:image\" content=\"https:\/\/www.alsocasals.com\/wp-content\/uploads\/2019\/04\/ACcovesBenifallet2.jpg\" \/>\n\t<meta property=\"og:image:width\" content=\"960\" \/>\n\t<meta property=\"og:image:height\" content=\"713\" \/>\n\t<meta property=\"og:image:type\" content=\"image\/jpeg\" \/>\n<meta name=\"author\" content=\"Also Casals\" \/>\n<meta name=\"twitter:card\" content=\"summary_large_image\" \/>\n<meta name=\"twitter:label1\" content=\"Escrito por\" \/>\n\t<meta name=\"twitter:data1\" content=\"Also Casals\" \/>\n\t<meta name=\"twitter:label2\" content=\"Tiempo de lectura\" \/>\n\t<meta name=\"twitter:data2\" content=\"1 minuto\" \/>\n<script type=\"application\/ld+json\" class=\"yoast-schema-graph\">{\"@context\":\"https:\\\/\\\/schema.org\",\"@graph\":[{\"@type\":\"Article\",\"@id\":\"https:\\\/\\\/www.alsocasals.com\\\/es\\\/also-casals-instala-la-nueva-iluminacion-led-de-las-coves-meravelles-de-benifallet\\\/#article\",\"isPartOf\":{\"@id\":\"https:\\\/\\\/www.alsocasals.com\\\/es\\\/also-casals-instala-la-nueva-iluminacion-led-de-las-coves-meravelles-de-benifallet\\\/\"},\"author\":{\"name\":\"Also Casals\",\"@id\":\"https:\\\/\\\/www.alsocasals.com\\\/es\\\/#\\\/schema\\\/person\\\/8665da9c24d04dcea7f11dbb0737aee6\"},\"headline\":\"Also Casals instala la nueva iluminaci\u00f3n LED de las Coves Meravelles de Benifallet\",\"datePublished\":\"2019-04-16T07:30:31+00:00\",\"dateModified\":\"2019-04-16T10:58:29+00:00\",\"mainEntityOfPage\":{\"@id\":\"https:\\\/\\\/www.alsocasals.com\\\/es\\\/also-casals-instala-la-nueva-iluminacion-led-de-las-coves-meravelles-de-benifallet\\\/\"},\"wordCount\":243,\"commentCount\":0,\"image\":{\"@id\":\"https:\\\/\\\/www.alsocasals.com\\\/es\\\/also-casals-instala-la-nueva-iluminacion-led-de-las-coves-meravelles-de-benifallet\\\/#primaryimage\"},\"thumbnailUrl\":\"https:\\\/\\\/www.alsocasals.com\\\/wp-content\\\/uploads\\\/2019\\\/04\\\/ACcovesBenifallet2.jpg\",\"keywords\":[\"Benifallet\",\"Coves Meravelles\",\"iluminaci\u00f3n\",\"instalaciones\",\"LED\"],\"articleSection\":[\"Noticias\"],\"inLanguage\":\"es\",\"potentialAction\":[{\"@type\":\"CommentAction\",\"name\":\"Comment\",\"target\":[\"https:\\\/\\\/www.alsocasals.com\\\/es\\\/also-casals-instala-la-nueva-iluminacion-led-de-las-coves-meravelles-de-benifallet\\\/#respond\"]}]},{\"@type\":\"WebPage\",\"@id\":\"https:\\\/\\\/www.alsocasals.com\\\/es\\\/also-casals-instala-la-nueva-iluminacion-led-de-las-coves-meravelles-de-benifallet\\\/\",\"url\":\"https:\\\/\\\/www.alsocasals.com\\\/es\\\/also-casals-instala-la-nueva-iluminacion-led-de-las-coves-meravelles-de-benifallet\\\/\",\"name\":\"Also Casals instala la nueva iluminaci\u00f3n LED de las Coves Meravelles\",\"isPartOf\":{\"@id\":\"https:\\\/\\\/www.alsocasals.com\\\/es\\\/#website\"},\"primaryImageOfPage\":{\"@id\":\"https:\\\/\\\/www.alsocasals.com\\\/es\\\/also-casals-instala-la-nueva-iluminacion-led-de-las-coves-meravelles-de-benifallet\\\/#primaryimage\"},\"image\":{\"@id\":\"https:\\\/\\\/www.alsocasals.com\\\/es\\\/also-casals-instala-la-nueva-iluminacion-led-de-las-coves-meravelles-de-benifallet\\\/#primaryimage\"},\"thumbnailUrl\":\"https:\\\/\\\/www.alsocasals.com\\\/wp-content\\\/uploads\\\/2019\\\/04\\\/ACcovesBenifallet2.jpg\",\"datePublished\":\"2019-04-16T07:30:31+00:00\",\"dateModified\":\"2019-04-16T10:58:29+00:00\",\"author\":{\"@id\":\"https:\\\/\\\/www.alsocasals.com\\\/es\\\/#\\\/schema\\\/person\\\/8665da9c24d04dcea7f11dbb0737aee6\"},\"description\":\"Also Casals Instal\u00b7lacions hemos realizado la instalaci\u00f3n de la nueva iluminaci\u00f3n LED de las Coves Meravelles de Benifallet. Desc\u00fabrelo en este art\u00edculo\",\"breadcrumb\":{\"@id\":\"https:\\\/\\\/www.alsocasals.com\\\/es\\\/also-casals-instala-la-nueva-iluminacion-led-de-las-coves-meravelles-de-benifallet\\\/#breadcrumb\"},\"inLanguage\":\"es\",\"potentialAction\":[{\"@type\":\"ReadAction\",\"target\":[\"https:\\\/\\\/www.alsocasals.com\\\/es\\\/also-casals-instala-la-nueva-iluminacion-led-de-las-coves-meravelles-de-benifallet\\\/\"]}]},{\"@type\":\"ImageObject\",\"inLanguage\":\"es\",\"@id\":\"https:\\\/\\\/www.alsocasals.com\\\/es\\\/also-casals-instala-la-nueva-iluminacion-led-de-las-coves-meravelles-de-benifallet\\\/#primaryimage\",\"url\":\"https:\\\/\\\/www.alsocasals.com\\\/wp-content\\\/uploads\\\/2019\\\/04\\\/ACcovesBenifallet2.jpg\",\"contentUrl\":\"https:\\\/\\\/www.alsocasals.com\\\/wp-content\\\/uploads\\\/2019\\\/04\\\/ACcovesBenifallet2.jpg\",\"width\":960,\"height\":713,\"caption\":\"nueva iluminaci\u00f3n LED de las Coves Meravelles de Benifallet 1\"},{\"@type\":\"BreadcrumbList\",\"@id\":\"https:\\\/\\\/www.alsocasals.com\\\/es\\\/also-casals-instala-la-nueva-iluminacion-led-de-las-coves-meravelles-de-benifallet\\\/#breadcrumb\",\"itemListElement\":[{\"@type\":\"ListItem\",\"position\":1,\"name\":\"Portada\",\"item\":\"https:\\\/\\\/www.alsocasals.com\\\/es\\\/\"},{\"@type\":\"ListItem\",\"position\":2,\"name\":\"Also Casals instala la nueva iluminaci\u00f3n LED de las Coves Meravelles de Benifallet\"}]},{\"@type\":\"WebSite\",\"@id\":\"https:\\\/\\\/www.alsocasals.com\\\/es\\\/#website\",\"url\":\"https:\\\/\\\/www.alsocasals.com\\\/es\\\/\",\"name\":\"Also Casals\",\"description\":\"Serveis Integrals d&#039;instal\u00b7lacions a les terres de l&#039;Ebre\",\"potentialAction\":[{\"@type\":\"SearchAction\",\"target\":{\"@type\":\"EntryPoint\",\"urlTemplate\":\"https:\\\/\\\/www.alsocasals.com\\\/es\\\/?s={search_term_string}\"},\"query-input\":{\"@type\":\"PropertyValueSpecification\",\"valueRequired\":true,\"valueName\":\"search_term_string\"}}],\"inLanguage\":\"es\"},{\"@type\":\"Person\",\"@id\":\"https:\\\/\\\/www.alsocasals.com\\\/es\\\/#\\\/schema\\\/person\\\/8665da9c24d04dcea7f11dbb0737aee6\",\"name\":\"Also Casals\",\"image\":{\"@type\":\"ImageObject\",\"inLanguage\":\"es\",\"@id\":\"https:\\\/\\\/secure.gravatar.com\\\/avatar\\\/276d58587ae834212cba254b338d8861f45e71d11608d0efd55f00d7c3d159ec?s=96&d=mm&r=g\",\"url\":\"https:\\\/\\\/secure.gravatar.com\\\/avatar\\\/276d58587ae834212cba254b338d8861f45e71d11608d0efd55f00d7c3d159ec?s=96&d=mm&r=g\",\"contentUrl\":\"https:\\\/\\\/secure.gravatar.com\\\/avatar\\\/276d58587ae834212cba254b338d8861f45e71d11608d0efd55f00d7c3d159ec?s=96&d=mm&r=g\",\"caption\":\"Also Casals\"}}]}<\/script>\n<!-- \/ Yoast SEO plugin. -->","yoast_head_json":{"title":"Also Casals instala la nueva iluminaci\u00f3n LED de las Coves Meravelles","description":"Also Casals Instal\u00b7lacions hemos realizado la instalaci\u00f3n de la nueva iluminaci\u00f3n LED de las Coves Meravelles de Benifallet. Desc\u00fabrelo en este art\u00edculo","robots":{"index":"index","follow":"follow","max-snippet":"max-snippet:-1","max-image-preview":"max-image-preview:large","max-video-preview":"max-video-preview:-1"},"canonical":"https:\/\/www.alsocasals.com\/es\/also-casals-instala-la-nueva-iluminacion-led-de-las-coves-meravelles-de-benifallet\/","og_locale":"es_ES","og_type":"article","og_title":"Also Casals instala la nueva iluminaci\u00f3n LED de las Coves Meravelles","og_description":"Also Casals Instal\u00b7lacions hemos realizado la instalaci\u00f3n de la nueva iluminaci\u00f3n LED de las Coves Meravelles de Benifallet. Desc\u00fabrelo en este art\u00edculo","og_url":"https:\/\/www.alsocasals.com\/es\/also-casals-instala-la-nueva-iluminacion-led-de-las-coves-meravelles-de-benifallet\/","og_site_name":"Also Casals","article_published_time":"2019-04-16T07:30:31+00:00","article_modified_time":"2019-04-16T10:58:29+00:00","og_image":[{"width":960,"height":713,"url":"https:\/\/www.alsocasals.com\/wp-content\/uploads\/2019\/04\/ACcovesBenifallet2.jpg","type":"image\/jpeg"}],"author":"Also Casals","twitter_card":"summary_large_image","twitter_misc":{"Escrito por":"Also Casals","Tiempo de lectura":"1 minuto"},"schema":{"@context":"https:\/\/schema.org","@graph":[{"@type":"Article","@id":"https:\/\/www.alsocasals.com\/es\/also-casals-instala-la-nueva-iluminacion-led-de-las-coves-meravelles-de-benifallet\/#article","isPartOf":{"@id":"https:\/\/www.alsocasals.com\/es\/also-casals-instala-la-nueva-iluminacion-led-de-las-coves-meravelles-de-benifallet\/"},"author":{"name":"Also Casals","@id":"https:\/\/www.alsocasals.com\/es\/#\/schema\/person\/8665da9c24d04dcea7f11dbb0737aee6"},"headline":"Also Casals instala la nueva iluminaci\u00f3n LED de las Coves Meravelles de Benifallet","datePublished":"2019-04-16T07:30:31+00:00","dateModified":"2019-04-16T10:58:29+00:00","mainEntityOfPage":{"@id":"https:\/\/www.alsocasals.com\/es\/also-casals-instala-la-nueva-iluminacion-led-de-las-coves-meravelles-de-benifallet\/"},"wordCount":243,"commentCount":0,"image":{"@id":"https:\/\/www.alsocasals.com\/es\/also-casals-instala-la-nueva-iluminacion-led-de-las-coves-meravelles-de-benifallet\/#primaryimage"},"thumbnailUrl":"https:\/\/www.alsocasals.com\/wp-content\/uploads\/2019\/04\/ACcovesBenifallet2.jpg","keywords":["Benifallet","Coves Meravelles","iluminaci\u00f3n","instalaciones","LED"],"articleSection":["Noticias"],"inLanguage":"es","potentialAction":[{"@type":"CommentAction","name":"Comment","target":["https:\/\/www.alsocasals.com\/es\/also-casals-instala-la-nueva-iluminacion-led-de-las-coves-meravelles-de-benifallet\/#respond"]}]},{"@type":"WebPage","@id":"https:\/\/www.alsocasals.com\/es\/also-casals-instala-la-nueva-iluminacion-led-de-las-coves-meravelles-de-benifallet\/","url":"https:\/\/www.alsocasals.com\/es\/also-casals-instala-la-nueva-iluminacion-led-de-las-coves-meravelles-de-benifallet\/","name":"Also Casals instala la nueva iluminaci\u00f3n LED de las Coves Meravelles","isPartOf":{"@id":"https:\/\/www.alsocasals.com\/es\/#website"},"primaryImageOfPage":{"@id":"https:\/\/www.alsocasals.com\/es\/also-casals-instala-la-nueva-iluminacion-led-de-las-coves-meravelles-de-benifallet\/#primaryimage"},"image":{"@id":"https:\/\/www.alsocasals.com\/es\/also-casals-instala-la-nueva-iluminacion-led-de-las-coves-meravelles-de-benifallet\/#primaryimage"},"thumbnailUrl":"https:\/\/www.alsocasals.com\/wp-content\/uploads\/2019\/04\/ACcovesBenifallet2.jpg","datePublished":"2019-04-16T07:30:31+00:00","dateModified":"2019-04-16T10:58:29+00:00","author":{"@id":"https:\/\/www.alsocasals.com\/es\/#\/schema\/person\/8665da9c24d04dcea7f11dbb0737aee6"},"description":"Also Casals Instal\u00b7lacions hemos realizado la instalaci\u00f3n de la nueva iluminaci\u00f3n LED de las Coves Meravelles de Benifallet. Desc\u00fabrelo en este art\u00edculo","breadcrumb":{"@id":"https:\/\/www.alsocasals.com\/es\/also-casals-instala-la-nueva-iluminacion-led-de-las-coves-meravelles-de-benifallet\/#breadcrumb"},"inLanguage":"es","potentialAction":[{"@type":"ReadAction","target":["https:\/\/www.alsocasals.com\/es\/also-casals-instala-la-nueva-iluminacion-led-de-las-coves-meravelles-de-benifallet\/"]}]},{"@type":"ImageObject","inLanguage":"es","@id":"https:\/\/www.alsocasals.com\/es\/also-casals-instala-la-nueva-iluminacion-led-de-las-coves-meravelles-de-benifallet\/#primaryimage","url":"https:\/\/www.alsocasals.com\/wp-content\/uploads\/2019\/04\/ACcovesBenifallet2.jpg","contentUrl":"https:\/\/www.alsocasals.com\/wp-content\/uploads\/2019\/04\/ACcovesBenifallet2.jpg","width":960,"height":713,"caption":"nueva iluminaci\u00f3n LED de las Coves Meravelles de Benifallet 1"},{"@type":"BreadcrumbList","@id":"https:\/\/www.alsocasals.com\/es\/also-casals-instala-la-nueva-iluminacion-led-de-las-coves-meravelles-de-benifallet\/#breadcrumb","itemListElement":[{"@type":"ListItem","position":1,"name":"Portada","item":"https:\/\/www.alsocasals.com\/es\/"},{"@type":"ListItem","position":2,"name":"Also Casals instala la nueva iluminaci\u00f3n LED de las Coves Meravelles de Benifallet"}]},{"@type":"WebSite","@id":"https:\/\/www.alsocasals.com\/es\/#website","url":"https:\/\/www.alsocasals.com\/es\/","name":"Also Casals","description":"Serveis Integrals d&#039;instal\u00b7lacions a les terres de l&#039;Ebre","potentialAction":[{"@type":"SearchAction","target":{"@type":"EntryPoint","urlTemplate":"https:\/\/www.alsocasals.com\/es\/?s={search_term_string}"},"query-input":{"@type":"PropertyValueSpecification","valueRequired":true,"valueName":"search_term_string"}}],"inLanguage":"es"},{"@type":"Person","@id":"https:\/\/www.alsocasals.com\/es\/#\/schema\/person\/8665da9c24d04dcea7f11dbb0737aee6","name":"Also Casals","image":{"@type":"ImageObject","inLanguage":"es","@id":"https:\/\/secure.gravatar.com\/avatar\/276d58587ae834212cba254b338d8861f45e71d11608d0efd55f00d7c3d159ec?s=96&d=mm&r=g","url":"https:\/\/secure.gravatar.com\/avatar\/276d58587ae834212cba254b338d8861f45e71d11608d0efd55f00d7c3d159ec?s=96&d=mm&r=g","contentUrl":"https:\/\/secure.gravatar.com\/avatar\/276d58587ae834212cba254b338d8861f45e71d11608d0efd55f00d7c3d159ec?s=96&d=mm&r=g","caption":"Also Casals"}}]}},"_links":{"self":[{"href":"https:\/\/www.alsocasals.com\/es\/wp-json\/wp\/v2\/posts\/4462","targetHints":{"allow":["GET"]}}],"collection":[{"href":"https:\/\/www.alsocasals.com\/es\/wp-json\/wp\/v2\/posts"}],"about":[{"href":"https:\/\/www.alsocasals.com\/es\/wp-json\/wp\/v2\/types\/post"}],"author":[{"embeddable":true,"href":"https:\/\/www.alsocasals.com\/es\/wp-json\/wp\/v2\/users\/2"}],"replies":[{"embeddable":true,"href":"https:\/\/www.alsocasals.com\/es\/wp-json\/wp\/v2\/comments?post=4462"}],"version-history":[{"count":4,"href":"https:\/\/www.alsocasals.com\/es\/wp-json\/wp\/v2\/posts\/4462\/revisions"}],"predecessor-version":[{"id":4498,"href":"https:\/\/www.alsocasals.com\/es\/wp-json\/wp\/v2\/posts\/4462\/revisions\/4498"}],"wp:featuredmedia":[{"embeddable":true,"href":"https:\/\/www.alsocasals.com\/es\/wp-json\/wp\/v2\/media\/4345"}],"wp:attachment":[{"href":"https:\/\/www.alsocasals.com\/es\/wp-json\/wp\/v2\/media?parent=4462"}],"wp:term":[{"taxonomy":"category","embeddable":true,"href":"https:\/\/www.alsocasals.com\/es\/wp-json\/wp\/v2\/categories?post=4462"},{"taxonomy":"post_tag","embeddable":true,"href":"https:\/\/www.alsocasals.com\/es\/wp-json\/wp\/v2\/tags?post=4462"}],"curies":[{"name":"wp","href":"https:\/\/api.w.org\/{rel}","templated":true}]}}